{"id":3304,"date":"2026-03-31T17:56:19","date_gmt":"2026-03-31T17:56:19","guid":{"rendered":"https:\/\/ortodonciavainer.com\/?p=3304"},"modified":"2026-03-31T18:04:09","modified_gmt":"2026-03-31T18:04:09","slug":"que-tan-cierto-es-que-los-dientes-se-mueven-solos","status":"publish","type":"post","link":"https:\/\/ortodonciavainer.com\/en\/post\/que-tan-cierto-es-que-los-dientes-se-mueven-solos\/","title":{"rendered":"\u00bfQu\u00e9 tan cierto es que los dientes se \u201cmueven solos\u201d"},"content":{"rendered":"<h2>\u00bfPor qu\u00e9 se mueven los dientes despu\u00e9s de la ortodoncia?<\/h2>\n<p>Muchos pacientes, incluso a\u00f1os despu\u00e9s de haber terminado su tratamiento de <strong>ortodoncia<\/strong>, consultan preocupados porque han notado que sus dientes se han movido ligeramente, sobre todo los inferiores.<\/p>\n<p>La pregunta es com\u00fan: <strong>\u00bfpor qu\u00e9 se est\u00e1n moviendo si ya us\u00e9 frenillos?<\/strong> La respuesta es sencilla pero muy importante: <strong>s\u00ed, los dientes tienden a moverse naturalmente con el paso del tiempo si no se usa contenci\u00f3n.<\/strong><\/p>\n<h3>\u00bfPor qu\u00e9 ocurre este fen\u00f3meno?<\/h3>\n<p>El <strong>movimiento dental<\/strong> no solo ocurre durante el uso de aparatos ortod\u00f3nticos. En realidad, los dientes est\u00e1n en constante micro-movimiento debido a factores como:<\/p>\n<ul>\n<li><strong>Presi\u00f3n muscular<\/strong> (lengua, labios, mejillas)<\/li>\n<li><strong>Cambios \u00f3seos y faciales<\/strong> por envejecimiento<\/li>\n<li><strong>Desgaste natural<\/strong> de las superficies dentales<\/li>\n<li><strong>H\u00e1bitos<\/strong> como el bruxismo o morder objetos<\/li>\n<\/ul>\n<p>Seg\u00fan un estudio publicado en <strong>The Angle Orthodontist (2023)<\/strong>, m\u00e1s del <strong>70% de los pacientes<\/strong> que no usan contenci\u00f3n presentan cierto grado de reca\u00edda dental entre 2 y 5 a\u00f1os despu\u00e9s del tratamiento.<\/p>\n<h2>\u00bfQu\u00e9 es la contenci\u00f3n y por qu\u00e9 es vital?<\/h2>\n<p>La <strong>fase de contenci\u00f3n<\/strong> es una de las m\u00e1s subestimadas del tratamiento ortod\u00f3ntico. Consiste en el uso de aparatos pasivos cuya funci\u00f3n es <strong>mantener los dientes en la posici\u00f3n lograda<\/strong>.<\/p>\n<p>Existen principalmente dos tipos:<\/p>\n<ul>\n<li><strong>Contenci\u00f3n fija:<\/strong> alambre adherido en la parte posterior de los dientes anteriores.<\/li>\n<li><strong>Contenci\u00f3n removible:<\/strong> placas transparentes o retenedores que se usan principalmente por las noches.<\/li>\n<\/ul>\n<p>En nuestra <strong>cl\u00ednica dental especializada en ortodoncia<\/strong>, enfatizamos que el \u00e9xito a largo plazo no termina al retirar los frenillos o alineadores, sino que depende de una <strong>buena planificaci\u00f3n postratamiento<\/strong>.<\/p>\n<h2>\u00bfCu\u00e1nto tiempo debo usar la contenci\u00f3n?<\/h2>\n<p>La evidencia cient\u00edfica reciente, como el <strong>Journal of Clinical Orthodontics (2024)<\/strong>, indica que la contenci\u00f3n debe mantenerse <strong>indefinidamente<\/strong>, especialmente en los dientes inferiores.<\/p>\n<p>No significa usarla todo el d\u00eda, pero s\u00ed mantener el <strong>h\u00e1bito nocturno<\/strong>.<\/p>\n<p>En la pr\u00e1ctica cl\u00ednica, los pacientes que integran la contenci\u00f3n como parte de su rutina logran <strong>resultados est\u00e9ticos y funcionales \u00f3ptimos incluso despu\u00e9s de 10 a\u00f1os<\/strong>.<\/p>\n<h2>\u00bfY si ya se me movieron los dientes?<\/h2>\n<p>No todo est\u00e1 perdido. Si la movilidad es leve, se puede realizar una <strong>recontenci\u00f3n activa con alineadores dentales<\/strong> para corregir sin necesidad de frenillos met\u00e1licos.<\/p>\n<p>Si el caso es m\u00e1s complejo, se realiza una <strong>evaluaci\u00f3n personalizada<\/strong> con escaneo 3D y simulaci\u00f3n digital.<\/p>\n<h2>Conclusi\u00f3n<\/h2>\n<p>La <strong>ortodoncia<\/strong> no solo se trata de mover dientes, sino de <strong>mantenerlos en su posici\u00f3n de forma estable y saludable<\/strong>.<\/p>\n<p>El <strong>seguimiento postratamiento<\/strong> y el uso de contenci\u00f3n son tan importantes como el tratamiento en s\u00ed.<\/p>\n<p>Si ya terminaste tu tratamiento hace a\u00f1os y not\u00e1s cambios, no lo ignores. Consult\u00e1 en una <strong>cl\u00ednica odontol\u00f3gica de confianza<\/strong> y asegurate de mantener esa sonrisa por la que ya trabajaste.<\/p>","protected":false},"excerpt":{"rendered":"<p>\u00bfPor qu\u00e9 se mueven los dientes despu\u00e9s de la ortodoncia? Muchos pacientes, incluso a\u00f1os despu\u00e9s de haber terminado su tratamiento de ortodoncia, consultan preocupados porque han notado que sus dientes se han movido ligeramente, sobre todo los inferiores. La pregunta es com\u00fan: \u00bfpor qu\u00e9 se est\u00e1n moviendo si ya us\u00e9 frenillos? La respuesta es sencilla [&hellip;]<\/p>\n","protected":false},"author":1,"featured_media":3305,"comment_status":"open","ping_status":"open","sticky":false,"template":"","format":"standard","meta":{"_uag_custom_page_level_css":"","site-sidebar-layout":"default","site-content-layout":"","ast-site-content-layout":"default","site-content-style":"default","site-sidebar-style":"default","ast-global-header-display":"","ast-banner-title-visibility":"","ast-main-header-display":"","ast-hfb-above-header-display":"","ast-hfb-below-header-display":"","ast-hfb-mobile-header-display":"","site-post-title":"disabled","ast-breadcrumbs-content":"","ast-featured-img":"","footer-sml-layout":"","ast-disable-related-posts":"","theme-transparent-header-meta":"","adv-header-id-meta":"","stick-header-meta":"","header-above-stick-meta":"","header-main-stick-meta":"","header-below-stick-meta":"","astra-migrate-meta-layouts":"set","ast-page-background-enabled":"default","ast-page-background-meta":{"desktop":{"background-color":"","background-image":"","background-repeat":"repeat","background-position":"center center","background-size":"auto","background-attachment":"scroll","background-type":"","background-media":"","overlay-type":"","overlay-color":"","overlay-opacity":"","overlay-gradient":""},"tablet":{"background-color":"","background-image":"","background-repeat":"repeat","background-position":"center center","background-size":"auto","background-attachment":"scroll","background-type":"","background-media":"","overlay-type":"","overlay-color":"","overlay-opacity":"","overlay-gradient":""},"mobile":{"background-color":"","background-image":"","background-repeat":"repeat","background-position":"center center","background-size":"auto","background-attachment":"scroll","background-type":"","background-media":"","overlay-type":"","overlay-color":"","overlay-opacity":"","overlay-gradient":""}},"ast-content-background-meta":{"desktop":{"background-color":"var(--ast-global-color-5)","background-image":"","background-repeat":"repeat","background-position":"center center","background-size":"auto","background-attachment":"scroll","background-type":"","background-media":"","overlay-type":"","overlay-color":"","overlay-opacity":"","overlay-gradient":""},"tablet":{"background-color":"var(--ast-global-color-5)","background-image":"","background-repeat":"repeat","background-position":"center center","background-size":"auto","background-attachment":"scroll","background-type":"","background-media":"","overlay-type":"","overlay-color":"","overlay-opacity":"","overlay-gradient":""},"mobile":{"background-color":"var(--ast-global-color-5)","background-image":"","background-repeat":"repeat","background-position":"center center","background-size":"auto","background-attachment":"scroll","background-type":"","background-media":"","overlay-type":"","overlay-color":"","overlay-opacity":"","overlay-gradient":""}},"footnotes":""},"categories":[1],"tags":[],"class_list":["post-3304","post","type-post","status-publish","format-standard","has-post-thumbnail","hentry","category-uncategorized"],"uagb_featured_image_src":{"full":["https:\/\/ortodonciavainer.com\/wp-content\/uploads\/2026\/03\/Ortodoncia-Vainer.jpg",948,632,false],"thumbnail":["https:\/\/ortodonciavainer.com\/wp-content\/uploads\/2026\/03\/Ortodoncia-Vainer-150x150.jpg",150,150,true],"medium":["https:\/\/ortodonciavainer.com\/wp-content\/uploads\/2026\/03\/Ortodoncia-Vainer-300x200.jpg",300,200,true],"medium_large":["https:\/\/ortodonciavainer.com\/wp-content\/uploads\/2026\/03\/Ortodoncia-Vainer-768x512.jpg",768,512,true],"large":["https:\/\/ortodonciavainer.com\/wp-content\/uploads\/2026\/03\/Ortodoncia-Vainer.jpg",948,632,false],"1536x1536":["https:\/\/ortodonciavainer.com\/wp-content\/uploads\/2026\/03\/Ortodoncia-Vainer.jpg",948,632,false],"2048x2048":["https:\/\/ortodonciavainer.com\/wp-content\/uploads\/2026\/03\/Ortodoncia-Vainer.jpg",948,632,false],"trp-custom-language-flag":["https:\/\/ortodonciavainer.com\/wp-content\/uploads\/2026\/03\/Ortodoncia-Vainer-18x12.jpg",18,12,true]},"uagb_author_info":{"display_name":"ortodonciavainer","author_link":"https:\/\/ortodonciavainer.com\/en\/author\/ortodonciavainer\/"},"uagb_comment_info":5,"uagb_excerpt":"\u00bfPor qu\u00e9 se mueven los dientes despu\u00e9s de la ortodoncia? Muchos pacientes, incluso a\u00f1os despu\u00e9s de haber terminado su tratamiento de ortodoncia, consultan preocupados porque han notado que sus dientes se han movido ligeramente, sobre todo los inferiores. La pregunta es com\u00fan: \u00bfpor qu\u00e9 se est\u00e1n moviendo si ya us\u00e9 frenillos? La respuesta es sencilla&hellip;","_links":{"self":[{"href":"https:\/\/ortodonciavainer.com\/en\/wp-json\/wp\/v2\/posts\/3304","targetHints":{"allow":["GET"]}}],"collection":[{"href":"https:\/\/ortodonciavainer.com\/en\/wp-json\/wp\/v2\/posts"}],"about":[{"href":"https:\/\/ortodonciavainer.com\/en\/wp-json\/wp\/v2\/types\/post"}],"author":[{"embeddable":true,"href":"https:\/\/ortodonciavainer.com\/en\/wp-json\/wp\/v2\/users\/1"}],"replies":[{"embeddable":true,"href":"https:\/\/ortodonciavainer.com\/en\/wp-json\/wp\/v2\/comments?post=3304"}],"version-history":[{"count":2,"href":"https:\/\/ortodonciavainer.com\/en\/wp-json\/wp\/v2\/posts\/3304\/revisions"}],"predecessor-version":[{"id":3309,"href":"https:\/\/ortodonciavainer.com\/en\/wp-json\/wp\/v2\/posts\/3304\/revisions\/3309"}],"wp:featuredmedia":[{"embeddable":true,"href":"https:\/\/ortodonciavainer.com\/en\/wp-json\/wp\/v2\/media\/3305"}],"wp:attachment":[{"href":"https:\/\/ortodonciavainer.com\/en\/wp-json\/wp\/v2\/media?parent=3304"}],"wp:term":[{"taxonomy":"category","embeddable":true,"href":"https:\/\/ortodonciavainer.com\/en\/wp-json\/wp\/v2\/categories?post=3304"},{"taxonomy":"post_tag","embeddable":true,"href":"https:\/\/ortodonciavainer.com\/en\/wp-json\/wp\/v2\/tags?post=3304"}],"curies":[{"name":"wp","href":"https:\/\/api.w.org\/{rel}","templated":true}]}}