{"id":3308,"date":"2026-03-31T18:04:59","date_gmt":"2026-03-31T18:04:59","guid":{"rendered":"https:\/\/ortodonciavainer.com\/?p=3308"},"modified":"2026-03-31T18:05:00","modified_gmt":"2026-03-31T18:05:00","slug":"es-necesario-llevar-a-los-ninos-al-ortodoncista-desde-los-7-anos","status":"publish","type":"post","link":"https:\/\/ortodonciavainer.com\/en\/post\/es-necesario-llevar-a-los-ninos-al-ortodoncista-desde-los-7-anos\/","title":{"rendered":"\u00bfEs necesario llevar a los ni\u00f1os al ortodoncista desde los 7 a\u00f1os?"},"content":{"rendered":"<h2 class=\"wp-block-heading\">\u00bfEs necesario llevar a los ni\u00f1os al ortodoncista desde los 7 a\u00f1os?<\/h2>\n\n\n\n<p>\nMuchos padres se sorprenden cuando se recomienda una <strong>evaluaci\u00f3n ortod\u00f3ntica temprana<\/strong> para sus hijos. La reacci\u00f3n habitual es: <strong>\u201c\u00bfNo es muy pronto para pensar en frenillos?\u201d<\/strong> Sin embargo, la evidencia cient\u00edfica y la experiencia cl\u00ednica demuestran que la <strong>ortodoncia temprana puede prevenir problemas mayores en el futuro<\/strong>.\n<\/p>\n\n\n\n<h3 class=\"wp-block-heading\">\u00bfPor qu\u00e9 a los 7 a\u00f1os?<\/h3>\n\n\n\n<p>\nLa <strong>Asociaci\u00f3n Americana de Ortodoncistas (AAO)<\/strong> sugiere que la primera visita al ortodoncista se realice alrededor de los 7 a\u00f1os. A esa edad, los ni\u00f1os presentan una combinaci\u00f3n de dientes permanentes y de leche, lo que permite detectar:\n<\/p>\n\n\n\n<ul class=\"wp-block-list\">\n<li><strong>Falta de espacio<\/strong> para dientes permanentes<\/li>\n\n\n\n<li><strong>Mordidas cruzadas o abiertas<\/strong><\/li>\n\n\n\n<li><strong>H\u00e1bitos orales nocivos<\/strong> (succi\u00f3n digital, empuje lingual)<\/li>\n\n\n\n<li><strong>Problemas en el desarrollo de los maxilares<\/strong><\/li>\n\n\n\n<li><strong>Asimetr\u00edas faciales<\/strong><\/li>\n<\/ul>\n\n\n\n<p>\nSeg\u00fan un estudio publicado en <strong>European Journal of Paediatric Dentistry (2023)<\/strong>, el <strong>62% de los ni\u00f1os<\/strong> evaluados a los 7 a\u00f1os presentaban alg\u00fan tipo de maloclusi\u00f3n en desarrollo, muchas de las cuales pod\u00edan tratarse de forma interceptiva.\n<\/p>\n\n\n\n<h2 class=\"wp-block-heading\">\u00bfQu\u00e9 es la ortodoncia interceptiva?<\/h2>\n\n\n\n<p>\nLa <strong>ortodoncia interceptiva<\/strong> busca corregir problemas en desarrollo antes de que se agraven. No siempre implica el uso de frenillos. En muchos casos se utilizan <strong>dispositivos ortop\u00e9dicos<\/strong> que ayudan a guiar el crecimiento \u00f3seo y mejorar la funci\u00f3n.\n<\/p>\n\n\n\n<p>\nUno de los tratamientos m\u00e1s comunes es la <strong>expansi\u00f3n maxilar<\/strong> en ni\u00f1os con paladar estrecho, mejorando la mordida y la respiraci\u00f3n. Tambi\u00e9n se trabaja en eliminar h\u00e1bitos como la succi\u00f3n del pulgar, que pueden afectar el desarrollo facial.\n<\/p>\n\n\n\n<h2 class=\"wp-block-heading\">\u00bfQu\u00e9 beneficios tiene evaluar temprano?<\/h2>\n\n\n\n<ul class=\"wp-block-list\">\n<li><strong>Tratamientos m\u00e1s sencillos y cortos<\/strong><\/li>\n\n\n\n<li><strong>Prevenci\u00f3n de extracciones innecesarias<\/strong><\/li>\n\n\n\n<li><strong>Mejor gu\u00eda del crecimiento facial<\/strong><\/li>\n\n\n\n<li><strong>Intervenciones menos invasivas<\/strong><\/li>\n\n\n\n<li><strong>Mejora del habla, respiraci\u00f3n y autoestima<\/strong><\/li>\n<\/ul>\n\n\n\n<p>\nUn <strong>diagn\u00f3stico temprano<\/strong> puede evitar tratamientos complejos en la adolescencia. Estas evaluaciones se realizan de forma no invasiva, utilizando <strong>escaneo intraoral y radiograf\u00edas<\/strong> que permiten analizar el desarrollo \u00f3seo.\n<\/p>\n\n\n\n<h2 class=\"wp-block-heading\">Caso real<\/h2>\n\n\n\n<p>\nSantiago, de 8 a\u00f1os, present\u00f3 una <strong>mordida cruzada posterior<\/strong> y dificultad para respirar. En solo 10 meses, mediante un <strong>expansor palatino<\/strong>, se logr\u00f3 mejorar su mordida, respiraci\u00f3n y descanso, sin necesidad de frenillos.\n<\/p>\n\n\n\n<h2 class=\"wp-block-heading\">\u00bfY si no tiene ning\u00fan problema?<\/h2>\n\n\n\n<p>\nEn ese caso, es una excelente noticia. Lo importante es confirmar que el desarrollo est\u00e1 en buen camino. As\u00ed como se realizan controles m\u00e9dicos, la <strong>ortodoncia tambi\u00e9n forma parte de la salud integral<\/strong>.\n<\/p>\n\n\n\n<h2 class=\"wp-block-heading\">Conclusi\u00f3n<\/h2>\n\n\n\n<p>\nLlevar a un ni\u00f1o al ortodoncista a los 7 a\u00f1os no significa iniciar tratamiento inmediato, sino <strong>prevenir y detectar a tiempo<\/strong>. Una evaluaci\u00f3n temprana puede marcar la diferencia entre un desarrollo normal o tratamientos m\u00e1s complejos en el futuro.\n<\/p>\n\n\n\n<p>\nConsultar con una <strong>cl\u00ednica odontol\u00f3gica especializada en ortodoncia infantil<\/strong> permite recibir orientaci\u00f3n clara y tomar decisiones informadas sobre la salud bucodental.\n<\/p>","protected":false},"excerpt":{"rendered":"<p>\u00bfEs necesario llevar a los ni\u00f1os al ortodoncista desde los 7 a\u00f1os? Muchos padres se sorprenden cuando se recomienda una evaluaci\u00f3n ortod\u00f3ntica temprana para sus hijos. La reacci\u00f3n habitual es: \u201c\u00bfNo es muy pronto para pensar en frenillos?\u201d Sin embargo, la evidencia cient\u00edfica y la experiencia cl\u00ednica demuestran que la ortodoncia temprana puede prevenir problemas [&hellip;]<\/p>\n","protected":false},"author":1,"featured_media":3311,"comment_status":"open","ping_status":"open","sticky":false,"template":"","format":"standard","meta":{"_uag_custom_page_level_css":"","site-sidebar-layout":"default","site-content-layout":"","ast-site-content-layout":"default","site-content-style":"default","site-sidebar-style":"default","ast-global-header-display":"","ast-banner-title-visibility":"","ast-main-header-display":"","ast-hfb-above-header-display":"","ast-hfb-below-header-display":"","ast-hfb-mobile-header-display":"","site-post-title":"disabled","ast-breadcrumbs-content":"","ast-featured-img":"","footer-sml-layout":"","ast-disable-related-posts":"","theme-transparent-header-meta":"","adv-header-id-meta":"","stick-header-meta":"","header-above-stick-meta":"","header-main-stick-meta":"","header-below-stick-meta":"","astra-migrate-meta-layouts":"set","ast-page-background-enabled":"default","ast-page-background-meta":{"desktop":{"background-color":"","background-image":"","background-repeat":"repeat","background-position":"center center","background-size":"auto","background-attachment":"scroll","background-type":"","background-media":"","overlay-type":"","overlay-color":"","overlay-opacity":"","overlay-gradient":""},"tablet":{"background-color":"","background-image":"","background-repeat":"repeat","background-position":"center center","background-size":"auto","background-attachment":"scroll","background-type":"","background-media":"","overlay-type":"","overlay-color":"","overlay-opacity":"","overlay-gradient":""},"mobile":{"background-color":"","background-image":"","background-repeat":"repeat","background-position":"center center","background-size":"auto","background-attachment":"scroll","background-type":"","background-media":"","overlay-type":"","overlay-color":"","overlay-opacity":"","overlay-gradient":""}},"ast-content-background-meta":{"desktop":{"background-color":"var(--ast-global-color-5)","background-image":"","background-repeat":"repeat","background-position":"center center","background-size":"auto","background-attachment":"scroll","background-type":"","background-media":"","overlay-type":"","overlay-color":"","overlay-opacity":"","overlay-gradient":""},"tablet":{"background-color":"var(--ast-global-color-5)","background-image":"","background-repeat":"repeat","background-position":"center center","background-size":"auto","background-attachment":"scroll","background-type":"","background-media":"","overlay-type":"","overlay-color":"","overlay-opacity":"","overlay-gradient":""},"mobile":{"background-color":"var(--ast-global-color-5)","background-image":"","background-repeat":"repeat","background-position":"center center","background-size":"auto","background-attachment":"scroll","background-type":"","background-media":"","overlay-type":"","overlay-color":"","overlay-opacity":"","overlay-gradient":""}},"footnotes":""},"categories":[1],"tags":[],"class_list":["post-3308","post","type-post","status-publish","format-standard","has-post-thumbnail","hentry","category-uncategorized"],"uagb_featured_image_src":{"full":["https:\/\/ortodonciavainer.com\/wp-content\/uploads\/2026\/03\/Ortodoncia-Vainer-2.jpg",948,632,false],"thumbnail":["https:\/\/ortodonciavainer.com\/wp-content\/uploads\/2026\/03\/Ortodoncia-Vainer-2-150x150.jpg",150,150,true],"medium":["https:\/\/ortodonciavainer.com\/wp-content\/uploads\/2026\/03\/Ortodoncia-Vainer-2-300x200.jpg",300,200,true],"medium_large":["https:\/\/ortodonciavainer.com\/wp-content\/uploads\/2026\/03\/Ortodoncia-Vainer-2-768x512.jpg",768,512,true],"large":["https:\/\/ortodonciavainer.com\/wp-content\/uploads\/2026\/03\/Ortodoncia-Vainer-2.jpg",948,632,false],"1536x1536":["https:\/\/ortodonciavainer.com\/wp-content\/uploads\/2026\/03\/Ortodoncia-Vainer-2.jpg",948,632,false],"2048x2048":["https:\/\/ortodonciavainer.com\/wp-content\/uploads\/2026\/03\/Ortodoncia-Vainer-2.jpg",948,632,false],"trp-custom-language-flag":["https:\/\/ortodonciavainer.com\/wp-content\/uploads\/2026\/03\/Ortodoncia-Vainer-2-18x12.jpg",18,12,true]},"uagb_author_info":{"display_name":"ortodonciavainer","author_link":"https:\/\/ortodonciavainer.com\/en\/author\/ortodonciavainer\/"},"uagb_comment_info":3,"uagb_excerpt":"\u00bfEs necesario llevar a los ni\u00f1os al ortodoncista desde los 7 a\u00f1os? Muchos padres se sorprenden cuando se recomienda una evaluaci\u00f3n ortod\u00f3ntica temprana para sus hijos. La reacci\u00f3n habitual es: \u201c\u00bfNo es muy pronto para pensar en frenillos?\u201d Sin embargo, la evidencia cient\u00edfica y la experiencia cl\u00ednica demuestran que la ortodoncia temprana puede prevenir problemas&hellip;","_links":{"self":[{"href":"https:\/\/ortodonciavainer.com\/en\/wp-json\/wp\/v2\/posts\/3308","targetHints":{"allow":["GET"]}}],"collection":[{"href":"https:\/\/ortodonciavainer.com\/en\/wp-json\/wp\/v2\/posts"}],"about":[{"href":"https:\/\/ortodonciavainer.com\/en\/wp-json\/wp\/v2\/types\/post"}],"author":[{"embeddable":true,"href":"https:\/\/ortodonciavainer.com\/en\/wp-json\/wp\/v2\/users\/1"}],"replies":[{"embeddable":true,"href":"https:\/\/ortodonciavainer.com\/en\/wp-json\/wp\/v2\/comments?post=3308"}],"version-history":[{"count":1,"href":"https:\/\/ortodonciavainer.com\/en\/wp-json\/wp\/v2\/posts\/3308\/revisions"}],"predecessor-version":[{"id":3312,"href":"https:\/\/ortodonciavainer.com\/en\/wp-json\/wp\/v2\/posts\/3308\/revisions\/3312"}],"wp:featuredmedia":[{"embeddable":true,"href":"https:\/\/ortodonciavainer.com\/en\/wp-json\/wp\/v2\/media\/3311"}],"wp:attachment":[{"href":"https:\/\/ortodonciavainer.com\/en\/wp-json\/wp\/v2\/media?parent=3308"}],"wp:term":[{"taxonomy":"category","embeddable":true,"href":"https:\/\/ortodonciavainer.com\/en\/wp-json\/wp\/v2\/categories?post=3308"},{"taxonomy":"post_tag","embeddable":true,"href":"https:\/\/ortodonciavainer.com\/en\/wp-json\/wp\/v2\/tags?post=3308"}],"curies":[{"name":"wp","href":"https:\/\/api.w.org\/{rel}","templated":true}]}}