{"id":3313,"date":"2026-03-31T18:11:17","date_gmt":"2026-03-31T18:11:17","guid":{"rendered":"https:\/\/ortodonciavainer.com\/?p=3313"},"modified":"2026-03-31T18:21:07","modified_gmt":"2026-03-31T18:21:07","slug":"bruxismo-en-adolescentes-si-y-la-ortodoncia-puede-ayudar","status":"publish","type":"post","link":"https:\/\/ortodonciavainer.com\/en\/post\/bruxismo-en-adolescentes-si-y-la-ortodoncia-puede-ayudar\/","title":{"rendered":"\u00bfBruxismo en adolescentes? S\u00ed, y la ortodoncia puede ayudar"},"content":{"rendered":"<h2>\u00bfBruxismo en adolescentes? S\u00ed, y la ortodoncia puede ayudar<\/h2>\n<p>Muchos padres asocian el <strong>bruxismo<\/strong> (rechinar o apretar los dientes) con el estr\u00e9s adulto o problemas del sue\u00f1o en personas mayores. Sin embargo, cada vez m\u00e1s estudios confirman que los <strong>adolescentes tambi\u00e9n pueden padecer bruxismo<\/strong>, y lo m\u00e1s preocupante es que muchos no lo detectan hasta que los da\u00f1os ya son visibles.<\/p>\n<h3>\u00bfQu\u00e9 es exactamente el bruxismo?<\/h3>\n<p>El <strong>bruxismo<\/strong> es una actividad parafuncional que consiste en apretar o rechinar los dientes de forma inconsciente, principalmente durante el sue\u00f1o, aunque tambi\u00e9n puede ocurrir durante el d\u00eda.<\/p>\n<p>En los adolescentes, las causas m\u00e1s comunes incluyen:<\/p>\n<ul>\n<li><strong>Estr\u00e9s escolar o emocional<\/strong><\/li>\n<li><strong>Cambios hormonales<\/strong><\/li>\n<li><strong>Problemas de oclusi\u00f3n (mordida)<\/strong><\/li>\n<li><strong>Malos h\u00e1bitos posturales<\/strong><\/li>\n<li><strong>Trastornos del sue\u00f1o<\/strong><\/li>\n<\/ul>\n<p>Un estudio del <strong>Journal of Oral Rehabilitation (2023)<\/strong> encontr\u00f3 que el <strong>32% de los adolescentes<\/strong> presenta signos cl\u00ednicos de bruxismo, como desgaste dental, dolor mandibular o cefaleas matutinas.<\/p>\n<h2>\u00bfC\u00f3mo saber si tu hijo adolescente tiene bruxismo?<\/h2>\n<p>Los signos m\u00e1s comunes incluyen:<\/p>\n<ul>\n<li><strong>Dolor al abrir o cerrar la mand\u00edbula<\/strong><\/li>\n<li><strong>Desgaste acelerado de los dientes<\/strong><\/li>\n<li><strong>Dolor de cabeza al despertar<\/strong><\/li>\n<li><strong>Sensibilidad dental<\/strong><\/li>\n<li><strong>Sonidos nocturnos de rechinar<\/strong><\/li>\n<\/ul>\n<p>Mediante evaluaciones con <strong>escaneo digital, an\u00e1lisis de mordida y revisi\u00f3n muscular<\/strong>, es posible identificar el origen del bruxismo y su impacto en la estructura dental.<\/p>\n<h2>\u00bfC\u00f3mo puede ayudar la ortodoncia?<\/h2>\n<p>Aunque el bruxismo no siempre se resuelve \u00fanicamente con ortodoncia, en muchos casos est\u00e1 relacionado con una <strong>mordida desalineada<\/strong> o una <strong>mala posici\u00f3n mandibular<\/strong> que genera sobrecarga en los m\u00fasculos.<\/p>\n<p>Con tratamientos planificados digitalmente se puede:<\/p>\n<ul>\n<li><strong>Corregir la mordida<\/strong> para distribuir mejor las fuerzas<\/li>\n<li><strong>Mejorar la alineaci\u00f3n dental<\/strong><\/li>\n<li><strong>Reducir la tensi\u00f3n muscular<\/strong><\/li>\n<li><strong>Dise\u00f1ar f\u00e9rulas nocturnas personalizadas<\/strong><\/li>\n<\/ul>\n<p>El abordaje suele ser <strong>interdisciplinario<\/strong>, combinando ortodoncia, terapias musculares y en algunos casos fisioterapia maxilofacial.<\/p>\n<h2>Caso real<\/h2>\n<p>Isabela, de 15 a\u00f1os, presentaba <strong>dolor mandibular y desgaste dental<\/strong>. Tras el diagn\u00f3stico, se identific\u00f3 una <strong>mordida profunda y api\u00f1amiento<\/strong>. Con un tratamiento de alineadores durante 18 meses, no solo se mejor\u00f3 su sonrisa, sino que desaparecieron los dolores y se detuvo el desgaste.<\/p>\n<h2>\u00bfCu\u00e1ndo actuar?<\/h2>\n<p><strong>Lo antes posible.<\/strong> El bruxismo no es solo un mal h\u00e1bito: puede provocar da\u00f1os irreversibles en el esmalte y en la <strong>articulaci\u00f3n temporomandibular (ATM)<\/strong>.<\/p>\n<h2>Conclusi\u00f3n<\/h2>\n<p>Si notas que tu hijo adolescente rechina los dientes, presenta dolor facial o desgaste dental, es importante consultar. La <strong>ortodoncia no solo mejora la est\u00e9tica<\/strong>, tambi\u00e9n es clave para proteger la <strong>salud bucodental a largo plazo<\/strong>.<\/p>\n<p>Acudir a una <strong>cl\u00ednica odontol\u00f3gica especializada en ortodoncia adolescente<\/strong> permite evaluar tanto la est\u00e9tica como la funcionalidad. Porque una sonrisa bonita tambi\u00e9n debe ser saludable\u2026 y sin dolor.<\/p>","protected":false},"excerpt":{"rendered":"<p>\u00bfBruxismo en adolescentes? S\u00ed, y la ortodoncia puede ayudar Muchos padres asocian el bruxismo (rechinar o apretar los dientes) con el estr\u00e9s adulto o problemas del sue\u00f1o en personas mayores. Sin embargo, cada vez m\u00e1s estudios confirman que los adolescentes tambi\u00e9n pueden padecer bruxismo, y lo m\u00e1s preocupante es que muchos no lo detectan hasta [&hellip;]<\/p>\n","protected":false},"author":1,"featured_media":3314,"comment_status":"open","ping_status":"open","sticky":false,"template":"","format":"standard","meta":{"_uag_custom_page_level_css":"","site-sidebar-layout":"default","site-content-layout":"","ast-site-content-layout":"default","site-content-style":"default","site-sidebar-style":"default","ast-global-header-display":"","ast-banner-title-visibility":"","ast-main-header-display":"","ast-hfb-above-header-display":"","ast-hfb-below-header-display":"","ast-hfb-mobile-header-display":"","site-post-title":"disabled","ast-breadcrumbs-content":"","ast-featured-img":"","footer-sml-layout":"","ast-disable-related-posts":"","theme-transparent-header-meta":"","adv-header-id-meta":"","stick-header-meta":"","header-above-stick-meta":"","header-main-stick-meta":"","header-below-stick-meta":"","astra-migrate-meta-layouts":"set","ast-page-background-enabled":"default","ast-page-background-meta":{"desktop":{"background-color":"","background-image":"","background-repeat":"repeat","background-position":"center center","background-size":"auto","background-attachment":"scroll","background-type":"","background-media":"","overlay-type":"","overlay-color":"","overlay-opacity":"","overlay-gradient":""},"tablet":{"background-color":"","background-image":"","background-repeat":"repeat","background-position":"center center","background-size":"auto","background-attachment":"scroll","background-type":"","background-media":"","overlay-type":"","overlay-color":"","overlay-opacity":"","overlay-gradient":""},"mobile":{"background-color":"","background-image":"","background-repeat":"repeat","background-position":"center center","background-size":"auto","background-attachment":"scroll","background-type":"","background-media":"","overlay-type":"","overlay-color":"","overlay-opacity":"","overlay-gradient":""}},"ast-content-background-meta":{"desktop":{"background-color":"var(--ast-global-color-5)","background-image":"","background-repeat":"repeat","background-position":"center center","background-size":"auto","background-attachment":"scroll","background-type":"","background-media":"","overlay-type":"","overlay-color":"","overlay-opacity":"","overlay-gradient":""},"tablet":{"background-color":"var(--ast-global-color-5)","background-image":"","background-repeat":"repeat","background-position":"center center","background-size":"auto","background-attachment":"scroll","background-type":"","background-media":"","overlay-type":"","overlay-color":"","overlay-opacity":"","overlay-gradient":""},"mobile":{"background-color":"var(--ast-global-color-5)","background-image":"","background-repeat":"repeat","background-position":"center center","background-size":"auto","background-attachment":"scroll","background-type":"","background-media":"","overlay-type":"","overlay-color":"","overlay-opacity":"","overlay-gradient":""}},"footnotes":""},"categories":[1],"tags":[],"class_list":["post-3313","post","type-post","status-publish","format-standard","has-post-thumbnail","hentry","category-uncategorized"],"uagb_featured_image_src":{"full":["https:\/\/ortodonciavainer.com\/wp-content\/uploads\/2026\/03\/Ortodoncia-Vainer-3.jpg",948,632,false],"thumbnail":["https:\/\/ortodonciavainer.com\/wp-content\/uploads\/2026\/03\/Ortodoncia-Vainer-3-150x150.jpg",150,150,true],"medium":["https:\/\/ortodonciavainer.com\/wp-content\/uploads\/2026\/03\/Ortodoncia-Vainer-3-300x200.jpg",300,200,true],"medium_large":["https:\/\/ortodonciavainer.com\/wp-content\/uploads\/2026\/03\/Ortodoncia-Vainer-3-768x512.jpg",768,512,true],"large":["https:\/\/ortodonciavainer.com\/wp-content\/uploads\/2026\/03\/Ortodoncia-Vainer-3.jpg",948,632,false],"1536x1536":["https:\/\/ortodonciavainer.com\/wp-content\/uploads\/2026\/03\/Ortodoncia-Vainer-3.jpg",948,632,false],"2048x2048":["https:\/\/ortodonciavainer.com\/wp-content\/uploads\/2026\/03\/Ortodoncia-Vainer-3.jpg",948,632,false],"trp-custom-language-flag":["https:\/\/ortodonciavainer.com\/wp-content\/uploads\/2026\/03\/Ortodoncia-Vainer-3-18x12.jpg",18,12,true]},"uagb_author_info":{"display_name":"ortodonciavainer","author_link":"https:\/\/ortodonciavainer.com\/en\/author\/ortodonciavainer\/"},"uagb_comment_info":5,"uagb_excerpt":"\u00bfBruxismo en adolescentes? S\u00ed, y la ortodoncia puede ayudar Muchos padres asocian el bruxismo (rechinar o apretar los dientes) con el estr\u00e9s adulto o problemas del sue\u00f1o en personas mayores. Sin embargo, cada vez m\u00e1s estudios confirman que los adolescentes tambi\u00e9n pueden padecer bruxismo, y lo m\u00e1s preocupante es que muchos no lo detectan hasta&hellip;","_links":{"self":[{"href":"https:\/\/ortodonciavainer.com\/en\/wp-json\/wp\/v2\/posts\/3313","targetHints":{"allow":["GET"]}}],"collection":[{"href":"https:\/\/ortodonciavainer.com\/en\/wp-json\/wp\/v2\/posts"}],"about":[{"href":"https:\/\/ortodonciavainer.com\/en\/wp-json\/wp\/v2\/types\/post"}],"author":[{"embeddable":true,"href":"https:\/\/ortodonciavainer.com\/en\/wp-json\/wp\/v2\/users\/1"}],"replies":[{"embeddable":true,"href":"https:\/\/ortodonciavainer.com\/en\/wp-json\/wp\/v2\/comments?post=3313"}],"version-history":[{"count":1,"href":"https:\/\/ortodonciavainer.com\/en\/wp-json\/wp\/v2\/posts\/3313\/revisions"}],"predecessor-version":[{"id":3315,"href":"https:\/\/ortodonciavainer.com\/en\/wp-json\/wp\/v2\/posts\/3313\/revisions\/3315"}],"wp:featuredmedia":[{"embeddable":true,"href":"https:\/\/ortodonciavainer.com\/en\/wp-json\/wp\/v2\/media\/3314"}],"wp:attachment":[{"href":"https:\/\/ortodonciavainer.com\/en\/wp-json\/wp\/v2\/media?parent=3313"}],"wp:term":[{"taxonomy":"category","embeddable":true,"href":"https:\/\/ortodonciavainer.com\/en\/wp-json\/wp\/v2\/categories?post=3313"},{"taxonomy":"post_tag","embeddable":true,"href":"https:\/\/ortodonciavainer.com\/en\/wp-json\/wp\/v2\/tags?post=3313"}],"curies":[{"name":"wp","href":"https:\/\/api.w.org\/{rel}","templated":true}]}}